{"id":4929,"date":"2007-02-15T19:03:15","date_gmt":"2007-02-15T19:03:15","guid":{"rendered":"https:\/\/www.afial.net\/convencion-afial-2007\/"},"modified":"2018-05-09T20:54:08","modified_gmt":"2018-05-09T20:54:08","slug":"convencion-afial-2007","status":"publish","type":"post","link":"https:\/\/www.afial.net\/en\/convencion-afial-2007\/","title":{"rendered":"Afial Convention 2007"},"content":{"rendered":"<p style=\"text-align: justify;\"><strong>Fair of Sound, Lighting and Audiovisual Integration<\/strong><\/p>\n<p style=\"text-align: justify;\">AFIAL consolida su iniciativa de celebrar un evento en el que se den cita las empresas m\u00e1s representativas del sector del Audio Profesional y la Iluminaci\u00f3n Espectacular, ampliando el marco de sectores incluyendo la integraci\u00f3n audiovisual.<br \/>\n<!--more--><\/p>\n<p style=\"text-align: justify;\">A proof of the success of the AFIAL calls has been the increase in the exhibition areas and the number of exhibitors. This, together with the increase in the number of visitors and requests to participate in the AFIAL CONVENTION, has been the confirmation that a call of these characteristics offers the necessary coverage to the professionals of the sector.<\/p>\n<p style=\"text-align: justify;\">From here we want to invite all companies and professionals in the sector of Professional Sound, Spectacular Lighting and Audiovisual Integration to participate.<\/p>\n<p style=\"text-align: justify;\">The Afial Convention provides as an added value being the only national fair with live audio demonstrations. Manufacturers and distributors have the opportunity to show their equipment in real conditions of use, in the outdoor area enabled for this purpose in the back of the Palace.<\/p>\n<p style=\"text-align: justify;\">The third edition of the Afial Convention was held at the Palacio de Cristal of the Casa de Campo in Madrid, on February 8th, 9th and 10th, 2007.<\/p>\n\n\t\t<style type=\"text\/css\">\n\t\t\t#gallery-1 {\n\t\t\t\tmargin: auto;\n\t\t\t}\n\t\t\t#gallery-1 .gallery-item {\n\t\t\t\tfloat: left;\n\t\t\t\tmargin-top: 10px;\n\t\t\t\ttext-align: center;\n\t\t\t\twidth: 25%;\n\t\t\t}\n\t\t\t#gallery-1 img {\n\t\t\t\tborder: 2px solid #cfcfcf;\n\t\t\t}\n\t\t\t#gallery-1 .gallery-caption {\n\t\t\t\tmargin-left: 0;\n\t\t\t}\n\t\t\t\/* see gallery_shortcode() in wp-includes\/media.php *\/\n\t\t<\/style>\n\t\t<div id='gallery-1' class='gallery galleryid-4929 gallery-columns-4 gallery-size-medium'><dl class='gallery-item'>\n\t\t\t<dt class='gallery-icon portrait'>\n\t\t\t\t<a href='https:\/\/www.afial.net\/en\/convencion-afial-2007\/afial-convencion-2007-176x300\/'><img loading=\"lazy\" decoding=\"async\" width=\"176\" height=\"300\" src=\"https:\/\/www.afial.net\/wp-content\/uploads\/2007\/02\/afial-convencion-2007-176x300-176x300.jpg\" class=\"attachment-medium size-medium\" alt=\"\" srcset=\"https:\/\/www.afial.net\/wp-content\/uploads\/2007\/02\/afial-convencion-2007-176x300.jpg 176w, https:\/\/www.afial.net\/wp-content\/uploads\/2007\/02\/afial-convencion-2007-176x300-110x187.jpg 110w\" sizes=\"auto, (max-width: 176px) 100vw, 176px\" \/><\/a>\n\t\t\t<\/dt><\/dl><dl class='gallery-item'>\n\t\t\t<dt class='gallery-icon landscape'>\n\t\t\t\t<a href='https:\/\/www.afial.net\/en\/convencion-afial-2007\/afial-convencion-2007-2\/'><img loading=\"lazy\" decoding=\"async\" width=\"300\" height=\"185\" src=\"https:\/\/www.afial.net\/wp-content\/uploads\/2007\/02\/afial-convencion-2007-2-300x185.jpg\" class=\"attachment-medium size-medium\" alt=\"\" srcset=\"https:\/\/www.afial.net\/wp-content\/uploads\/2007\/02\/afial-convencion-2007-2.jpg 300w, https:\/\/www.afial.net\/wp-content\/uploads\/2007\/02\/afial-convencion-2007-2-280x173.jpg 280w\" sizes=\"auto, (max-width: 300px) 100vw, 300px\" \/><\/a>\n\t\t\t<\/dt><\/dl><dl class='gallery-item'>\n\t\t\t<dt class='gallery-icon landscape'>\n\t\t\t\t<a href='https:\/\/www.afial.net\/en\/convencion-afial-2007\/afial-convencion-2007-3\/'><img loading=\"lazy\" decoding=\"async\" width=\"300\" height=\"185\" src=\"https:\/\/www.afial.net\/wp-content\/uploads\/2007\/02\/afial-convencion-2007-3-300x185.jpg\" class=\"attachment-medium size-medium\" alt=\"\" srcset=\"https:\/\/www.afial.net\/wp-content\/uploads\/2007\/02\/afial-convencion-2007-3.jpg 300w, https:\/\/www.afial.net\/wp-content\/uploads\/2007\/02\/afial-convencion-2007-3-280x173.jpg 280w\" sizes=\"auto, (max-width: 300px) 100vw, 300px\" \/><\/a>\n\t\t\t<\/dt><\/dl><dl class='gallery-item'>\n\t\t\t<dt class='gallery-icon landscape'>\n\t\t\t\t<a href='https:\/\/www.afial.net\/en\/convencion-afial-2007\/afial-convencion-2007-4\/'><img loading=\"lazy\" decoding=\"async\" width=\"300\" height=\"185\" src=\"https:\/\/www.afial.net\/wp-content\/uploads\/2007\/02\/afial-convencion-2007-4-300x185.jpg\" class=\"attachment-medium size-medium\" alt=\"\" srcset=\"https:\/\/www.afial.net\/wp-content\/uploads\/2007\/02\/afial-convencion-2007-4.jpg 300w, https:\/\/www.afial.net\/wp-content\/uploads\/2007\/02\/afial-convencion-2007-4-280x173.jpg 280w\" sizes=\"auto, (max-width: 300px) 100vw, 300px\" \/><\/a>\n\t\t\t<\/dt><\/dl><br style=\"clear: both\" \/>\n\t\t<\/div>\n\n","protected":false},"excerpt":{"rendered":"<p>Fair of Sound, Lighting and Audiovisual Integration AFIAL consolida su iniciativa de celebrar un evento en el que se den cita las empresas m\u00e1s representativas del sector del Audio Profesional y la Iluminaci\u00f3n Espectacular, ampliando el marco de sectores incluyendo la integraci\u00f3n audiovisual.<\/p>\n","protected":false},"author":1,"featured_media":0,"comment_status":"closed","ping_status":"closed","sticky":false,"template":"","format":"standard","meta":{"_acf_changed":false,"footnotes":""},"categories":[590,586],"tags":[599],"class_list":["post-4929","post","type-post","status-publish","format-standard","hentry","category-conventions","category-events","tag-convencion-afial-2007-en"],"acf":[],"yoast_head":"<!-- This site is optimized with the Yoast SEO plugin v27.4 - https:\/\/yoast.com\/product\/yoast-seo-wordpress\/ -->\n<title>Afial Convention 2007 - AFIAL<\/title>\n<meta name=\"description\" content=\"The third edition of the Afial Convention was held at the Palacio de Cristal of the Casa de Campo in Madrid, on February 8th, 9th and 10th, 2007.\" \/>\n<meta name=\"robots\" content=\"index, follow, max-snippet:-1, max-image-preview:large, max-video-preview:-1\" \/>\n<link rel=\"canonical\" href=\"https:\/\/www.afial.net\/en\/convencion-afial-2007\/\" \/>\n<meta property=\"og:locale\" content=\"en_US\" \/>\n<meta property=\"og:type\" content=\"article\" \/>\n<meta property=\"og:title\" content=\"Afial Convention 2007 - AFIAL\" \/>\n<meta property=\"og:description\" content=\"The third edition of the Afial Convention was held at the Palacio de Cristal of the Casa de Campo in Madrid, on February 8th, 9th and 10th, 2007.\" \/>\n<meta property=\"og:url\" content=\"https:\/\/www.afial.net\/en\/convencion-afial-2007\/\" \/>\n<meta property=\"og:site_name\" content=\"Afial\" \/>\n<meta property=\"article:publisher\" content=\"https:\/\/www.facebook.com\/asociacion.afial\/?ref=bookmarks\" \/>\n<meta property=\"article:published_time\" content=\"2007-02-15T19:03:15+00:00\" \/>\n<meta property=\"article:modified_time\" content=\"2018-05-09T20:54:08+00:00\" \/>\n<meta property=\"og:image\" content=\"https:\/\/www.afial.net\/wp-content\/uploads\/2007\/02\/afial-convencion-2007-176x300-176x300.jpg\" \/>\n<meta name=\"author\" content=\"AFIAL\" \/>\n<meta name=\"twitter:card\" content=\"summary_large_image\" \/>\n<meta name=\"twitter:creator\" content=\"@afialasociacion\" \/>\n<meta name=\"twitter:site\" content=\"@afialasociacion\" \/>\n<meta name=\"twitter:label1\" content=\"Written by\" \/>\n\t<meta name=\"twitter:data1\" content=\"AFIAL\" \/>\n\t<meta name=\"twitter:label2\" content=\"Est. reading time\" \/>\n\t<meta name=\"twitter:data2\" content=\"1 minute\" \/>\n<script type=\"application\/ld+json\" class=\"yoast-schema-graph\">{\"@context\":\"https:\\\/\\\/schema.org\",\"@graph\":[{\"@type\":\"Article\",\"@id\":\"https:\\\/\\\/www.afial.net\\\/en\\\/convencion-afial-2007\\\/#article\",\"isPartOf\":{\"@id\":\"https:\\\/\\\/www.afial.net\\\/en\\\/convencion-afial-2007\\\/\"},\"author\":{\"name\":\"AFIAL\",\"@id\":\"https:\\\/\\\/www.afial.net\\\/#\\\/schema\\\/person\\\/06c83a51df56961a789552feea8a6503\"},\"headline\":\"Afial Convention 2007\",\"datePublished\":\"2007-02-15T19:03:15+00:00\",\"dateModified\":\"2018-05-09T20:54:08+00:00\",\"mainEntityOfPage\":{\"@id\":\"https:\\\/\\\/www.afial.net\\\/en\\\/convencion-afial-2007\\\/\"},\"wordCount\":209,\"publisher\":{\"@id\":\"https:\\\/\\\/www.afial.net\\\/#organization\"},\"keywords\":[\"Convenci\u00f3n Afial 2007\"],\"articleSection\":[\"Conventions\",\"Events\"],\"inLanguage\":\"en-US\"},{\"@type\":\"WebPage\",\"@id\":\"https:\\\/\\\/www.afial.net\\\/en\\\/convencion-afial-2007\\\/\",\"url\":\"https:\\\/\\\/www.afial.net\\\/en\\\/convencion-afial-2007\\\/\",\"name\":\"Afial Convention 2007 - AFIAL\",\"isPartOf\":{\"@id\":\"https:\\\/\\\/www.afial.net\\\/#website\"},\"datePublished\":\"2007-02-15T19:03:15+00:00\",\"dateModified\":\"2018-05-09T20:54:08+00:00\",\"description\":\"The third edition of the Afial Convention was held at the Palacio de Cristal of the Casa de Campo in Madrid, on February 8th, 9th and 10th, 2007.\",\"breadcrumb\":{\"@id\":\"https:\\\/\\\/www.afial.net\\\/en\\\/convencion-afial-2007\\\/#breadcrumb\"},\"inLanguage\":\"en-US\",\"potentialAction\":[{\"@type\":\"ReadAction\",\"target\":[\"https:\\\/\\\/www.afial.net\\\/en\\\/convencion-afial-2007\\\/\"]}]},{\"@type\":\"BreadcrumbList\",\"@id\":\"https:\\\/\\\/www.afial.net\\\/en\\\/convencion-afial-2007\\\/#breadcrumb\",\"itemListElement\":[{\"@type\":\"ListItem\",\"position\":1,\"name\":\"Portada\",\"item\":\"https:\\\/\\\/www.afial.net\\\/en\\\/\"},{\"@type\":\"ListItem\",\"position\":2,\"name\":\"Afial Convention 2007\"}]},{\"@type\":\"WebSite\",\"@id\":\"https:\\\/\\\/www.afial.net\\\/#website\",\"url\":\"https:\\\/\\\/www.afial.net\\\/\",\"name\":\"Afial\",\"description\":\"Asociaci\u00f3n de Fabricantes e Importadores de Tecnolog\u00eda AV\",\"publisher\":{\"@id\":\"https:\\\/\\\/www.afial.net\\\/#organization\"},\"potentialAction\":[{\"@type\":\"SearchAction\",\"target\":{\"@type\":\"EntryPoint\",\"urlTemplate\":\"https:\\\/\\\/www.afial.net\\\/?s={search_term_string}\"},\"query-input\":{\"@type\":\"PropertyValueSpecification\",\"valueRequired\":true,\"valueName\":\"search_term_string\"}}],\"inLanguage\":\"en-US\"},{\"@type\":\"Organization\",\"@id\":\"https:\\\/\\\/www.afial.net\\\/#organization\",\"name\":\"Afial\",\"url\":\"https:\\\/\\\/www.afial.net\\\/\",\"logo\":{\"@type\":\"ImageObject\",\"inLanguage\":\"en-US\",\"@id\":\"https:\\\/\\\/www.afial.net\\\/#\\\/schema\\\/logo\\\/image\\\/\",\"url\":\"https:\\\/\\\/www.afial.net\\\/wp-content\\\/uploads\\\/2022\\\/06\\\/afial-nuevo-logo-fondo-blanco-scaled.jpg\",\"contentUrl\":\"https:\\\/\\\/www.afial.net\\\/wp-content\\\/uploads\\\/2022\\\/06\\\/afial-nuevo-logo-fondo-blanco-scaled.jpg\",\"width\":2560,\"height\":763,\"caption\":\"Afial\"},\"image\":{\"@id\":\"https:\\\/\\\/www.afial.net\\\/#\\\/schema\\\/logo\\\/image\\\/\"},\"sameAs\":[\"https:\\\/\\\/www.facebook.com\\\/asociacion.afial\\\/?ref=bookmarks\",\"https:\\\/\\\/x.com\\\/afialasociacion\",\"https:\\\/\\\/www.instagram.com\\\/afial_madrid\\\/\",\"https:\\\/\\\/www.linkedin.com\\\/company\\\/afial\\\/\",\"https:\\\/\\\/www.youtube.com\\\/channel\\\/UCcNcDcMc6DSPcJT7GZOMI-g\"]},{\"@type\":\"Person\",\"@id\":\"https:\\\/\\\/www.afial.net\\\/#\\\/schema\\\/person\\\/06c83a51df56961a789552feea8a6503\",\"name\":\"AFIAL\",\"image\":{\"@type\":\"ImageObject\",\"inLanguage\":\"en-US\",\"@id\":\"https:\\\/\\\/secure.gravatar.com\\\/avatar\\\/ac0c0a65f4e6631e438591e557ec729d15e57f1c800859280bade834d7a54f92?s=96&d=mm&r=g\",\"url\":\"https:\\\/\\\/secure.gravatar.com\\\/avatar\\\/ac0c0a65f4e6631e438591e557ec729d15e57f1c800859280bade834d7a54f92?s=96&d=mm&r=g\",\"contentUrl\":\"https:\\\/\\\/secure.gravatar.com\\\/avatar\\\/ac0c0a65f4e6631e438591e557ec729d15e57f1c800859280bade834d7a54f92?s=96&d=mm&r=g\",\"caption\":\"AFIAL\"},\"url\":\"https:\\\/\\\/www.afial.net\\\/en\\\/author\\\/afladm\\\/\"}]}<\/script>\n<!-- \/ Yoast SEO plugin. -->","yoast_head_json":{"title":"Afial Convention 2007 - AFIAL","description":"The third edition of the Afial Convention was held at the Palacio de Cristal of the Casa de Campo in Madrid, on February 8th, 9th and 10th, 2007.","robots":{"index":"index","follow":"follow","max-snippet":"max-snippet:-1","max-image-preview":"max-image-preview:large","max-video-preview":"max-video-preview:-1"},"canonical":"https:\/\/www.afial.net\/en\/convencion-afial-2007\/","og_locale":"en_US","og_type":"article","og_title":"Afial Convention 2007 - AFIAL","og_description":"The third edition of the Afial Convention was held at the Palacio de Cristal of the Casa de Campo in Madrid, on February 8th, 9th and 10th, 2007.","og_url":"https:\/\/www.afial.net\/en\/convencion-afial-2007\/","og_site_name":"Afial","article_publisher":"https:\/\/www.facebook.com\/asociacion.afial\/?ref=bookmarks","article_published_time":"2007-02-15T19:03:15+00:00","article_modified_time":"2018-05-09T20:54:08+00:00","og_image":[{"url":"https:\/\/www.afial.net\/wp-content\/uploads\/2007\/02\/afial-convencion-2007-176x300-176x300.jpg","type":"","width":"","height":""}],"author":"AFIAL","twitter_card":"summary_large_image","twitter_creator":"@afialasociacion","twitter_site":"@afialasociacion","twitter_misc":{"Written by":"AFIAL","Est. reading time":"1 minute"},"schema":{"@context":"https:\/\/schema.org","@graph":[{"@type":"Article","@id":"https:\/\/www.afial.net\/en\/convencion-afial-2007\/#article","isPartOf":{"@id":"https:\/\/www.afial.net\/en\/convencion-afial-2007\/"},"author":{"name":"AFIAL","@id":"https:\/\/www.afial.net\/#\/schema\/person\/06c83a51df56961a789552feea8a6503"},"headline":"Afial Convention 2007","datePublished":"2007-02-15T19:03:15+00:00","dateModified":"2018-05-09T20:54:08+00:00","mainEntityOfPage":{"@id":"https:\/\/www.afial.net\/en\/convencion-afial-2007\/"},"wordCount":209,"publisher":{"@id":"https:\/\/www.afial.net\/#organization"},"keywords":["Convenci\u00f3n Afial 2007"],"articleSection":["Conventions","Events"],"inLanguage":"en-US"},{"@type":"WebPage","@id":"https:\/\/www.afial.net\/en\/convencion-afial-2007\/","url":"https:\/\/www.afial.net\/en\/convencion-afial-2007\/","name":"Afial Convention 2007 - AFIAL","isPartOf":{"@id":"https:\/\/www.afial.net\/#website"},"datePublished":"2007-02-15T19:03:15+00:00","dateModified":"2018-05-09T20:54:08+00:00","description":"The third edition of the Afial Convention was held at the Palacio de Cristal of the Casa de Campo in Madrid, on February 8th, 9th and 10th, 2007.","breadcrumb":{"@id":"https:\/\/www.afial.net\/en\/convencion-afial-2007\/#breadcrumb"},"inLanguage":"en-US","potentialAction":[{"@type":"ReadAction","target":["https:\/\/www.afial.net\/en\/convencion-afial-2007\/"]}]},{"@type":"BreadcrumbList","@id":"https:\/\/www.afial.net\/en\/convencion-afial-2007\/#breadcrumb","itemListElement":[{"@type":"ListItem","position":1,"name":"Portada","item":"https:\/\/www.afial.net\/en\/"},{"@type":"ListItem","position":2,"name":"Afial Convention 2007"}]},{"@type":"WebSite","@id":"https:\/\/www.afial.net\/#website","url":"https:\/\/www.afial.net\/","name":"Afial","description":"Asociaci\u00f3n de Fabricantes e Importadores de Tecnolog\u00eda AV","publisher":{"@id":"https:\/\/www.afial.net\/#organization"},"potentialAction":[{"@type":"SearchAction","target":{"@type":"EntryPoint","urlTemplate":"https:\/\/www.afial.net\/?s={search_term_string}"},"query-input":{"@type":"PropertyValueSpecification","valueRequired":true,"valueName":"search_term_string"}}],"inLanguage":"en-US"},{"@type":"Organization","@id":"https:\/\/www.afial.net\/#organization","name":"Afial","url":"https:\/\/www.afial.net\/","logo":{"@type":"ImageObject","inLanguage":"en-US","@id":"https:\/\/www.afial.net\/#\/schema\/logo\/image\/","url":"https:\/\/www.afial.net\/wp-content\/uploads\/2022\/06\/afial-nuevo-logo-fondo-blanco-scaled.jpg","contentUrl":"https:\/\/www.afial.net\/wp-content\/uploads\/2022\/06\/afial-nuevo-logo-fondo-blanco-scaled.jpg","width":2560,"height":763,"caption":"Afial"},"image":{"@id":"https:\/\/www.afial.net\/#\/schema\/logo\/image\/"},"sameAs":["https:\/\/www.facebook.com\/asociacion.afial\/?ref=bookmarks","https:\/\/x.com\/afialasociacion","https:\/\/www.instagram.com\/afial_madrid\/","https:\/\/www.linkedin.com\/company\/afial\/","https:\/\/www.youtube.com\/channel\/UCcNcDcMc6DSPcJT7GZOMI-g"]},{"@type":"Person","@id":"https:\/\/www.afial.net\/#\/schema\/person\/06c83a51df56961a789552feea8a6503","name":"AFIAL","image":{"@type":"ImageObject","inLanguage":"en-US","@id":"https:\/\/secure.gravatar.com\/avatar\/ac0c0a65f4e6631e438591e557ec729d15e57f1c800859280bade834d7a54f92?s=96&d=mm&r=g","url":"https:\/\/secure.gravatar.com\/avatar\/ac0c0a65f4e6631e438591e557ec729d15e57f1c800859280bade834d7a54f92?s=96&d=mm&r=g","contentUrl":"https:\/\/secure.gravatar.com\/avatar\/ac0c0a65f4e6631e438591e557ec729d15e57f1c800859280bade834d7a54f92?s=96&d=mm&r=g","caption":"AFIAL"},"url":"https:\/\/www.afial.net\/en\/author\/afladm\/"}]}},"_links":{"self":[{"href":"https:\/\/www.afial.net\/en\/wp-json\/wp\/v2\/posts\/4929","targetHints":{"allow":["GET"]}}],"collection":[{"href":"https:\/\/www.afial.net\/en\/wp-json\/wp\/v2\/posts"}],"about":[{"href":"https:\/\/www.afial.net\/en\/wp-json\/wp\/v2\/types\/post"}],"author":[{"embeddable":true,"href":"https:\/\/www.afial.net\/en\/wp-json\/wp\/v2\/users\/1"}],"replies":[{"embeddable":true,"href":"https:\/\/www.afial.net\/en\/wp-json\/wp\/v2\/comments?post=4929"}],"version-history":[{"count":0,"href":"https:\/\/www.afial.net\/en\/wp-json\/wp\/v2\/posts\/4929\/revisions"}],"wp:attachment":[{"href":"https:\/\/www.afial.net\/en\/wp-json\/wp\/v2\/media?parent=4929"}],"wp:term":[{"taxonomy":"category","embeddable":true,"href":"https:\/\/www.afial.net\/en\/wp-json\/wp\/v2\/categories?post=4929"},{"taxonomy":"post_tag","embeddable":true,"href":"https:\/\/www.afial.net\/en\/wp-json\/wp\/v2\/tags?post=4929"}],"curies":[{"name":"wp","href":"https:\/\/api.w.org\/{rel}","templated":true}]}}